{"id":10403,"date":"2025-10-27T13:08:33","date_gmt":"2025-10-27T12:08:33","guid":{"rendered":"https:\/\/satdi.umh.es\/?p=10403"},"modified":"2025-10-27T14:24:41","modified_gmt":"2025-10-27T13:24:41","slug":"cerdos-editados-geneticamente-para-resistir-la-peste-porcina","status":"publish","type":"post","link":"https:\/\/satdi.umh.es\/ca\/2025\/10\/27\/cerdos-editados-geneticamente-para-resistir-la-peste-porcina\/","title":{"rendered":"Porcs editats gen\u00e8ticament per a resistir la pesta porcina"},"content":{"rendered":"<p><\/p>\n<p style=\"text-align: justify\" data-start=\"82\" data-end=\"354\">Un equip d\u2019investigaci\u00f3 del Roslin Institute de la Universitat d\u2019Edimburg ha desenvolupat mitjan\u00e7ant edici\u00f3 gen\u00e8tica una l\u00ednia de porcs capa\u00e7os de resistir la pesta porcina cl\u00e0ssica (PPC), una malaltia v\u00edrica altament contagiosa que afecta greument la ramaderia porcina.<\/p>\n<p style=\"text-align: justify\" data-start=\"356\" data-end=\"836\">La clau d\u2019aquesta innovaci\u00f3 rau en modificar el gen que codifica la prote\u00efna DNAJC14, que el virus necessita per replicar-se. Despr\u00e9s d\u2019intervenir aquest gen, els animals editats van ser exposats al virus sense presentar s\u00edmptomes, mentre que els porcs no modificats van emmalaltir amb els signes t\u00edpics de la PPC. A m\u00e9s, no es van observar efectes adversos en el desenvolupament ni en la salut dels porcs editats, i la possibilitat de transmissi\u00f3 v\u00edrica va quedar molt redu\u00efda.<\/p>\n<p style=\"text-align: justify\" data-start=\"838\" data-end=\"1296\">La investigaci\u00f3, publicada a la revista <em data-start=\"878\" data-end=\"903\">Trends in Biotechnology<\/em>, proposa que aquesta t\u00e8cnica no substitueix, sin\u00f3 que complementa les vacunes i les mesures de bioseguretat a les granges, integrant-se en una estrat\u00e8gia m\u00e9s \u00e0mplia de prevenci\u00f3 de malalties animals. Aix\u00ed mateix, l\u2019estudi apunta que el m\u00e8tode podria adaptar-se a altres esp\u00e8cies de bestiar per resistir virus relacionats, fet que obre les portes a una ramaderia m\u00e9s sostenible i innovadora.<\/p>\n<p style=\"text-align: justify\" data-start=\"1298\" data-end=\"1591\">Aquest aven\u00e7 planteja preguntes importants sobre \u00e8tica, regulaci\u00f3 i percepci\u00f3 social de l\u2019edici\u00f3 gen\u00e8tica en animals de producci\u00f3. Per\u00f2 des de la perspectiva t\u00e8cnica i sanit\u00e0ria, representa un pas significatiu cap a la reducci\u00f3 de les p\u00e8rdues econ\u00f2miques i dels riscos per a la salut animal.<\/p>\n<p><\/p>","protected":false},"excerpt":{"rendered":"<p>Un equip d\u2019investigaci\u00f3 del Roslin Institute de la Universitat d\u2019Edimburg ha desenvolupat mitjan\u00e7ant edici\u00f3 gen\u00e8tica una l\u00ednia de porcs capa\u00e7os de resistir la pesta porcina cl\u00e0ssica (PPC), una malaltia v\u00edrica altament contagiosa que afecta greument la ramaderia porcina.<br \/>\nLa clau d\u2019aquesta innovaci\u00f3 rau en modificar el gen que codifica la prote\u00efna DNAJC14, que el virus necessita [&#8230;]<\/p>\n","protected":false},"author":4376,"featured_media":0,"comment_status":"closed","ping_status":"closed","sticky":false,"template":"","format":"standard","meta":{"_links_to":"","_links_to_target":""},"categories":[36688,259,30839,633],"tags":[1494548,1494545],"_links":{"self":[{"href":"https:\/\/satdi.umh.es\/ca\/wp-json\/wp\/v2\/posts\/10403"}],"collection":[{"href":"https:\/\/satdi.umh.es\/ca\/wp-json\/wp\/v2\/posts"}],"about":[{"href":"https:\/\/satdi.umh.es\/ca\/wp-json\/wp\/v2\/types\/post"}],"author":[{"embeddable":true,"href":"https:\/\/satdi.umh.es\/ca\/wp-json\/wp\/v2\/users\/4376"}],"replies":[{"embeddable":true,"href":"https:\/\/satdi.umh.es\/ca\/wp-json\/wp\/v2\/comments?post=10403"}],"version-history":[{"count":0,"href":"https:\/\/satdi.umh.es\/ca\/wp-json\/wp\/v2\/posts\/10403\/revisions"}],"wp:attachment":[{"href":"https:\/\/satdi.umh.es\/ca\/wp-json\/wp\/v2\/media?parent=10403"}],"wp:term":[{"taxonomy":"category","embeddable":true,"href":"https:\/\/satdi.umh.es\/ca\/wp-json\/wp\/v2\/categories?post=10403"},{"taxonomy":"post_tag","embeddable":true,"href":"https:\/\/satdi.umh.es\/ca\/wp-json\/wp\/v2\/tags?post=10403"}],"curies":[{"name":"wp","href":"https:\/\/api.w.org\/{rel}","templated":true}]}}