{"id":10715,"date":"2025-12-19T12:45:07","date_gmt":"2025-12-19T11:45:07","guid":{"rendered":"https:\/\/satdi.umh.es\/?p=10715"},"modified":"2026-02-05T15:36:58","modified_gmt":"2026-02-05T14:36:58","slug":"la-revista-umh-sapiens-dedica-un-reportaje-al-satdi-en-su-no-43-cuando-la-ciencia-se-rompe-la-importancia-de-nuestros-tecnicos","status":"publish","type":"post","link":"https:\/\/satdi.umh.es\/ca\/2025\/12\/19\/la-revista-umh-sapiens-dedica-un-reportaje-al-satdi-en-su-no-43-cuando-la-ciencia-se-rompe-la-importancia-de-nuestros-tecnicos\/","title":{"rendered":"La revista UMH Sapiens dedica un reportatge al SATDI al seu n\u00fam. 43. &#8220;Quan la ci\u00e8ncia es trenca&#8221;, la import\u00e0ncia dels nostres t\u00e8cnics"},"content":{"rendered":"<p><\/p>\n<p style=\"text-align: center\"><a href=\"https:\/\/satdi.umh.es\/files\/2025\/12\/Reportaje_UMH-Sapiens_Cuando-la-ciencia-se-rompe.png\"><img loading=\"lazy\" class=\"alignnone wp-image-10721\" src=\"https:\/\/satdi.umh.es\/files\/2025\/12\/Reportaje_UMH-Sapiens_Cuando-la-ciencia-se-rompe.png\" alt=\"\" width=\"298\" height=\"418\" srcset=\"https:\/\/satdi.umh.es\/files\/2025\/12\/Reportaje_UMH-Sapiens_Cuando-la-ciencia-se-rompe.png 593w, https:\/\/satdi.umh.es\/files\/2025\/12\/Reportaje_UMH-Sapiens_Cuando-la-ciencia-se-rompe-214x300.png 214w\" sizes=\"(max-width: 298px) 100vw, 298px\" \/><\/a>\u00a0 \u00a0 \u00a0 <img loading=\"lazy\" class=\"alignnone wp-image-10727\" src=\"https:\/\/satdi.umh.es\/files\/2025\/12\/Reportaje_UMH-Sapiens_Cuando-la-ciencia-se-rompe-2-1.png\" alt=\"\" width=\"296\" height=\"417\" srcset=\"https:\/\/satdi.umh.es\/files\/2025\/12\/Reportaje_UMH-Sapiens_Cuando-la-ciencia-se-rompe-2-1.png 595w, https:\/\/satdi.umh.es\/files\/2025\/12\/Reportaje_UMH-Sapiens_Cuando-la-ciencia-se-rompe-2-1-213x300.png 213w\" sizes=\"(max-width: 296px) 100vw, 296px\" \/> \u00a0 \u00a0 \u00a0<a href=\"https:\/\/satdi.umh.es\/files\/2025\/12\/Reportaje_UMH-Sapiens_Cuando-la-ciencia-se-rompe-3-1.png\"><img loading=\"lazy\" class=\"alignnone wp-image-10730\" src=\"https:\/\/satdi.umh.es\/files\/2025\/12\/Reportaje_UMH-Sapiens_Cuando-la-ciencia-se-rompe-3-1.png\" alt=\"\" width=\"298\" height=\"418\" srcset=\"https:\/\/satdi.umh.es\/files\/2025\/12\/Reportaje_UMH-Sapiens_Cuando-la-ciencia-se-rompe-3-1.png 597w, https:\/\/satdi.umh.es\/files\/2025\/12\/Reportaje_UMH-Sapiens_Cuando-la-ciencia-se-rompe-3-1-214x300.png 214w\" sizes=\"(max-width: 298px) 100vw, 298px\" \/><\/a><\/p>\n<p style=\"text-align: justify\" data-start=\"312\" data-end=\"655\"><span dir=\"auto\" style=\"vertical-align: inherit\"><span dir=\"auto\" style=\"vertical-align: inherit\">La revista <\/span><\/span><a href=\"https:\/\/innovacionumh.es\/sapiens\/43\/\"><strong data-start=\"323\" data-end=\"338\"><span dir=\"auto\" style=\"vertical-align: inherit\"><span dir=\"auto\" style=\"vertical-align: inherit\">UMH Sapiens<\/span><\/span><\/strong><\/a><span dir=\"auto\" style=\"vertical-align: inherit\"><span dir=\"auto\" style=\"vertical-align: inherit\"> , publicaci\u00f3 divulgativa de la <\/span><\/span><strong><a href=\"https:\/\/www.umh.es\/\"><span dir=\"auto\" style=\"vertical-align: inherit\"><span dir=\"auto\" style=\"vertical-align: inherit\">Universitat Miguel Hern\u00e1ndez<\/span><\/span><\/a><span dir=\"auto\" style=\"vertical-align: inherit\"><span dir=\"auto\" style=\"vertical-align: inherit\"> ,<\/span><\/span><\/strong><span dir=\"auto\" style=\"vertical-align: inherit\"><span dir=\"auto\" style=\"vertical-align: inherit\"> dedica al seu <\/span><\/span><strong><span dir=\"auto\" style=\"vertical-align: inherit\"><span dir=\"auto\" style=\"vertical-align: inherit\">n\u00famero 43<\/span><\/span><\/strong><span dir=\"auto\" style=\"vertical-align: inherit\"><span dir=\"auto\" style=\"vertical-align: inherit\"> un espai al <\/span><\/span><a href=\"https:\/\/satdi.umh.es\/\"><strong><span dir=\"auto\" style=\"vertical-align: inherit\"><span dir=\"auto\" style=\"vertical-align: inherit\">SATDI<\/span><\/span><\/strong><\/a><span dir=\"auto\" style=\"vertical-align: inherit\"><span dir=\"auto\" style=\"vertical-align: inherit\"> en el seu article <\/span><\/span><strong data-start=\"446\" data-end=\"478\"><span dir=\"auto\" style=\"vertical-align: inherit\"><span dir=\"auto\" style=\"vertical-align: inherit\">\u201cQuan la ci\u00e8ncia es trenca\u201d.<\/span><\/span><\/strong><span dir=\"auto\" style=\"vertical-align: inherit\"><span dir=\"auto\" style=\"vertical-align: inherit\"> El reportatge, signat pel periodista <\/span><\/span><strong data-start=\"506\" data-end=\"538\"><span dir=\"auto\" style=\"vertical-align: inherit\"><span dir=\"auto\" style=\"vertical-align: inherit\">Diego de l&#8217;Alzina Rodr\u00edguez<\/span><\/span><\/strong><span dir=\"auto\" style=\"vertical-align: inherit\"><span dir=\"auto\" style=\"vertical-align: inherit\"> , reflexiona sobre una realitat poc visible per\u00f2 essencial per a l&#8217;activitat universit\u00e0ria: la tasca del personal t\u00e8cnic que repara, adapta i mant\u00e9 l&#8217;equipament cient\u00edfic.<\/span><\/span><\/p>\n<h3><span dir=\"auto\" style=\"vertical-align: inherit\"><span dir=\"auto\" style=\"vertical-align: inherit\">Reparar perqu\u00e8 la ci\u00e8ncia continu\u00ef<\/span><\/span><\/h3>\n<p style=\"text-align: justify\"><span dir=\"auto\" style=\"vertical-align: inherit\"><span dir=\"auto\" style=\"vertical-align: inherit\">La intervenci\u00f3 del nostre personal \u00e9s clau quan els equips de laboratori deixen de funcionar. El reportatge posa en valor la reparaci\u00f3 com a alternativa efica\u00e7, sostenible i econ\u00f2micament responsable, capa\u00e7 de prolongar la vida \u00fatil d&#8217;instruments complexos i, en molts casos, dif\u00edcils de reempla\u00e7ar.<\/span><\/span><\/p>\n<p style=\"text-align: justify\"><span dir=\"auto\" style=\"vertical-align: inherit\"><span dir=\"auto\" style=\"vertical-align: inherit\">A trav\u00e9s de diferents exemples reals, es descriu com una avaria pot comprometre experiments, pr\u00e0ctiques docents o l\u00ednies de recerca senceres. En aquests contextos, l&#8217;an\u00e0lisi t\u00e8cnica, l&#8217;experi\u00e8ncia acumulada i la capacitat d&#8217;adaptaci\u00f3 dels nostres t\u00e8cnics permeten trobar solucions que no sempre existeixen als manuals ni als serveis comercials.<\/span><\/span><\/p>\n<h3 style=\"text-align: justify\"><span dir=\"auto\" style=\"vertical-align: inherit\"><span dir=\"auto\" style=\"vertical-align: inherit\">Diagn\u00f2stic, coneixement i creativitat t\u00e8cnica per estalviar temps i costos<\/span><\/span><\/h3>\n<p style=\"text-align: justify\"><span dir=\"auto\" style=\"vertical-align: inherit\"><span dir=\"auto\" style=\"vertical-align: inherit\">Un d&#8217;aquests casos que es relata \u00e9s el del laboratori del professor <\/span><\/span><strong><span dir=\"auto\" style=\"vertical-align: inherit\"><span dir=\"auto\" style=\"vertical-align: inherit\">Ricardo Mallavia<\/span><\/span><\/strong><span dir=\"auto\" style=\"vertical-align: inherit\"><span dir=\"auto\" style=\"vertical-align: inherit\"> , on un equip essencial deixa de funcionar correctament a causa de problemes relacionats amb la pressi\u00f3 i la temperatura. En aquest i en la resta de situacions, el nostre personal t\u00e8cnic estudia sempre la decisi\u00f3, prova diferents opcions i acaba resolent la incid\u00e8ncia mitjan\u00e7ant ajustaments i modificacions precises, evitant moltes vegades la substituci\u00f3 completa del dispositiu.<\/span><\/span><\/p>\n<p style=\"text-align: justify\"><span dir=\"auto\" style=\"vertical-align: inherit\"><span dir=\"auto\" style=\"vertical-align: inherit\">La majoria dels equips que arriben al SATDI s\u00f3n antics, estan modificats per a usos molt espec\u00edfics o no tenen suport t\u00e8cnic extern. En aquest context, els t\u00e8cnics han de comprendre el funcionament intern dels aparells, identificar components defectuosos i <\/span><\/span><strong><span dir=\"auto\" style=\"vertical-align: inherit\"><span dir=\"auto\" style=\"vertical-align: inherit\">dissenyar solucions a mida, fins i tot quan no hi ha documentaci\u00f3 t\u00e8cnica disponible.<\/span><\/span><\/strong><span dir=\"auto\" style=\"vertical-align: inherit\"><span dir=\"auto\" style=\"vertical-align: inherit\"> Dif\u00edcil, per\u00f2 gens impossible per a treballadors amb aut\u00e8ntica convocaci\u00f3.<\/span><\/span><\/p>\n<p style=\"text-align: justify\"><span dir=\"auto\" style=\"vertical-align: inherit\"><span dir=\"auto\" style=\"vertical-align: inherit\">Com s&#8217;indica al reportatge, <\/span><\/span><strong><span dir=\"auto\" style=\"vertical-align: inherit\"><span dir=\"auto\" style=\"vertical-align: inherit\">no \u00e9s q\u00fcesti\u00f3 de s\u00faper poders sin\u00f3 de tenir les eines adequades i els coneixements especialitzats, a m\u00e9s d&#8217;una curiositat innata<\/span><\/span><\/strong><span dir=\"auto\" style=\"vertical-align: inherit\"><span dir=\"auto\" style=\"vertical-align: inherit\"> per poder exercir la feina de manera correcta. Un treball que requereix temps, precisi\u00f3 i una comprensi\u00f3 profunda dels sistemes amb qu\u00e8 treballen, aix\u00ed com una <\/span><\/span><strong><span dir=\"auto\" style=\"vertical-align: inherit\"><span dir=\"auto\" style=\"vertical-align: inherit\">estreta col\u00b7laboraci\u00f3 amb el personal investigador.<\/span><\/span><\/strong><span dir=\"auto\" style=\"vertical-align: inherit\"><span dir=\"auto\" style=\"vertical-align: inherit\"> Perqu\u00e8 el temps que un equip roman fora de servei t\u00e9 un impacte directe en l&#8217;activitat cient\u00edfica, de manera que la reparaci\u00f3 no sols suposa un estalvi econ\u00f2mic, sin\u00f3 tamb\u00e9 una garantia de continu\u00eftat per a la doc\u00e8ncia i la investigaci\u00f3.<\/span><\/span><\/p>\n<h3 style=\"text-align: justify\"><span dir=\"auto\" style=\"vertical-align: inherit\"><span dir=\"auto\" style=\"vertical-align: inherit\">Un treball multidisciplinar i referencial per a la comunitat universit\u00e0ria<\/span><\/span><\/h3>\n<p style=\"text-align: justify\"><span dir=\"auto\" style=\"vertical-align: inherit\"><span dir=\"auto\" style=\"vertical-align: inherit\">La tasca del SATDI, amb t\u00e8cnics multidisciplinaris als diferents campus de la UMH, sost\u00e9 el funcionament diari de laboratoris i tallers a <\/span><\/span><strong><span dir=\"auto\" style=\"vertical-align: inherit\"><span dir=\"auto\" style=\"vertical-align: inherit\">totes les \u00e0rees del coneixement<\/span><\/span><\/strong><span dir=\"auto\" style=\"vertical-align: inherit\"><span dir=\"auto\" style=\"vertical-align: inherit\"> , convertint-se en un pilar fonamental per a la comunitat universit\u00e0ria. \u00c9s aquesta tasca en segon pla, a l&#8217;ombra, la que moltes vegades marca el ritme de la ci\u00e8ncia i en determina el futur. Des del nostre servei volem agrair a <\/span><\/span><strong><span dir=\"auto\" style=\"vertical-align: inherit\"><span dir=\"auto\" style=\"vertical-align: inherit\">UMH Sapiens i al <\/span><\/span><\/strong>\u00a0<strong><span dir=\"auto\" style=\"vertical-align: inherit\"><span dir=\"auto\" style=\"vertical-align: inherit\">Servei de Comunicaci\u00f3, M\u00e0rqueting i Atenci\u00f3 a l&#8217;Estudiantat<\/span><\/span><\/strong><span dir=\"auto\" style=\"vertical-align: inherit\"><span dir=\"auto\" style=\"vertical-align: inherit\"> , per visibilitzar el treball t\u00e8cnic que recolza la doc\u00e8ncia i la recerca a la UMH i pel seu comprom\u00eds amb la divulgaci\u00f3 cient\u00edfica.<\/span><\/span><\/p>\n<p><span dir=\"auto\" style=\"vertical-align: inherit\"><span dir=\"auto\" style=\"vertical-align: inherit\">Fes clic a la imatge per llegir el <\/span><\/span><strong><span dir=\"auto\" style=\"vertical-align: inherit\"><span dir=\"auto\" style=\"vertical-align: inherit\">n\u00famero 43<\/span><\/span><\/strong><span dir=\"auto\" style=\"vertical-align: inherit\"><span dir=\"auto\" style=\"vertical-align: inherit\"> de la <\/span><\/span><strong><span dir=\"auto\" style=\"vertical-align: inherit\"><span dir=\"auto\" style=\"vertical-align: inherit\">Revista UMH Sapiens<\/span><\/span><\/strong><span dir=\"auto\" style=\"vertical-align: inherit\"><span dir=\"auto\" style=\"vertical-align: inherit\"> i l&#8217;article complet de <\/span><\/span><strong><span dir=\"auto\" style=\"vertical-align: inherit\"><span dir=\"auto\" style=\"vertical-align: inherit\">Diego de l&#8217;Alzina Rodr\u00edguez<\/span><\/span><\/strong><span dir=\"auto\" style=\"vertical-align: inherit\"><span dir=\"auto\" style=\"vertical-align: inherit\"> :<\/span><\/span><\/p>\n<p><a href=\"https:\/\/comunicacion.umh.es\/files\/2025\/12\/Revista-UMHSapiens-43.pdf\"><img loading=\"lazy\" class=\"alignnone wp-image-10751 size-medium\" title=\"https:\/\/comunicacion.umh.es\/files\/2025\/12\/Revista-UMHSapiens-43.pdf\" src=\"https:\/\/satdi.umh.es\/files\/2025\/12\/UMH-SAPIENS_N43-218x300.jpg\" alt=\"\" width=\"218\" height=\"300\" srcset=\"https:\/\/satdi.umh.es\/files\/2025\/12\/UMH-SAPIENS_N43-218x300.jpg 218w, https:\/\/satdi.umh.es\/files\/2025\/12\/UMH-SAPIENS_N43.jpg 632w\" sizes=\"(max-width: 218px) 100vw, 218px\" \/><\/a><\/p>\n<p data-start=\"2340\" data-end=\"2513\">\n<p><\/p>","protected":false},"excerpt":{"rendered":"<p>\u00a0 \u00a0 \u00a0  \u00a0 \u00a0 \u00a0<br \/>\nLa revista UMH Sapiens , publicaci\u00f3 divulgativa de la Universitat Miguel Hern\u00e1ndez , dedica al seu n\u00famero 43 un espai al SATDI en el seu article \u201cQuan la ci\u00e8ncia es trenca\u201d. El reportatge, signat pel periodista Diego de l&#8217;Alzina Rodr\u00edguez , reflexiona sobre una realitat poc visible per\u00f2 essencial [&#8230;]<\/p>\n","protected":false},"author":3770,"featured_media":0,"comment_status":"closed","ping_status":"closed","sticky":false,"template":"","format":"standard","meta":{"_links_to":"","_links_to_target":""},"categories":[259,283,4190,2303],"tags":[259,303821,1494728,4322],"_links":{"self":[{"href":"https:\/\/satdi.umh.es\/ca\/wp-json\/wp\/v2\/posts\/10715"}],"collection":[{"href":"https:\/\/satdi.umh.es\/ca\/wp-json\/wp\/v2\/posts"}],"about":[{"href":"https:\/\/satdi.umh.es\/ca\/wp-json\/wp\/v2\/types\/post"}],"author":[{"embeddable":true,"href":"https:\/\/satdi.umh.es\/ca\/wp-json\/wp\/v2\/users\/3770"}],"replies":[{"embeddable":true,"href":"https:\/\/satdi.umh.es\/ca\/wp-json\/wp\/v2\/comments?post=10715"}],"version-history":[{"count":0,"href":"https:\/\/satdi.umh.es\/ca\/wp-json\/wp\/v2\/posts\/10715\/revisions"}],"wp:attachment":[{"href":"https:\/\/satdi.umh.es\/ca\/wp-json\/wp\/v2\/media?parent=10715"}],"wp:term":[{"taxonomy":"category","embeddable":true,"href":"https:\/\/satdi.umh.es\/ca\/wp-json\/wp\/v2\/categories?post=10715"},{"taxonomy":"post_tag","embeddable":true,"href":"https:\/\/satdi.umh.es\/ca\/wp-json\/wp\/v2\/tags?post=10715"}],"curies":[{"name":"wp","href":"https:\/\/api.w.org\/{rel}","templated":true}]}}