{"id":11176,"date":"2026-02-16T17:00:04","date_gmt":"2026-02-16T16:00:04","guid":{"rendered":"https:\/\/satdi.umh.es\/?p=11176"},"modified":"2026-02-19T12:44:39","modified_gmt":"2026-02-19T11:44:39","slug":"celebramos-el-dia-de-la-mujer-y-la-nina-en-la-ciencia-conociendo-el-trabajo-de-algunas-tecnicas-del-satdi","status":"publish","type":"post","link":"https:\/\/satdi.umh.es\/ca\/2026\/02\/16\/celebramos-el-dia-de-la-mujer-y-la-nina-en-la-ciencia-conociendo-el-trabajo-de-algunas-tecnicas-del-satdi\/","title":{"rendered":"Celebrem el dia de la Dona i la Nena a la Ci\u00e8ncia coneixent el treball d&#8217;algunes t\u00e8cniques del SATDI"},"content":{"rendered":"<p><div style=\"width: 505px\" class=\"wp-caption alignleft\"><img loading=\"lazy\" src=\"https:\/\/11defebrero.org\/wp-content\/uploads\/2025\/12\/cropped-11f-2026-tres-voltes-rebel1.png\" alt=\"\" width=\"495\" height=\"458\" \/><p class=\"wp-caption-text\"><span dir=\"auto\" style=\"vertical-align: inherit\"><span dir=\"auto\" style=\"vertical-align: inherit\">Il\u00b7lustraci\u00f3 d&#8217;Ame Soler per al Dia Internacional de la Dona i la Nena a la CI\u00e8ncia 2026. Font: https:\/\/11defebrero.org\/<\/span><\/span><\/p><\/div><\/p>\n<p><span dir=\"auto\" style=\"vertical-align: inherit\"><span dir=\"auto\" style=\"vertical-align: inherit\">La setmana passada vam celebrar l&#8217;\u00a0 <\/span><\/span><a href=\"https:\/\/11defebrero.org\/\"><strong><span dir=\"auto\" style=\"vertical-align: inherit\"><span dir=\"auto\" style=\"vertical-align: inherit\">11 de febrer<\/span><\/span><\/strong><\/a><span dir=\"auto\" style=\"vertical-align: inherit\"><span dir=\"auto\" style=\"vertical-align: inherit\"> , Dia Internacional de la Dona i la Nena a la Ci\u00e8ncia i des del SATDI vam voler con\u00e8ixer el treball d&#8217;algunes de les t\u00e8cniques del servei i descobrir la varietat de perfils cient\u00edfics que treballen al Servei de Suport a la Doc\u00e8ncia ia la Investigaci\u00f3. Descobrim la tasca de Clara Blanes, que treballa al Departament de Salut P\u00fablica i que m\u00e9s concretament est\u00e0 centrada en el\u00a0 <\/span><\/span><a href=\"https:\/\/www.cairproject.eu\/\"><strong><span dir=\"auto\" style=\"vertical-align: inherit\"><span dir=\"auto\" style=\"vertical-align: inherit\">projecte CAIR,<\/span><\/span><\/strong><\/a><span dir=\"auto\" style=\"vertical-align: inherit\"><span dir=\"auto\" style=\"vertical-align: inherit\"> \u00a0un projecte que treballa sobre la pr\u00f2pia comunitat al barri de Carr\u00fas d&#8217;Elx i que pret\u00e9n millorar la vida i la salut de les persones del barri i rodalies. Clara ens ho explica:<\/span><\/span><\/p>\n<p><span dir=\"auto\" style=\"vertical-align: inherit\"><span dir=\"auto\" style=\"vertical-align: inherit\"><iframe  style=\"display: block; margin: 0px auto;\"  id=\"_ytid_20793\"  width=\"480\" height=\"270\"  data-origwidth=\"480\" data-origheight=\"270\"  data-relstop=\"1\" src=\"https:\/\/www.youtube.com\/embed\/hTQYfy_fCwM?enablejsapi=1&autoplay=0&cc_load_policy=1&iv_load_policy=1&loop=0&modestbranding=0&fs=1&playsinline=1&controls=1&color=red&cc_lang_pref=&rel=0&autohide=2&theme=dark&\" class=\"__youtube_prefs__  no-lazyload\" title=\"YouTube player\"  allow=\"accelerometer; autoplay; clipboard-write; encrypted-media; gyroscope; picture-in-picture\" allowfullscreen data-no-lazy=\"1\" data-skipgform_ajax_framebjll=\"\"><\/iframe><\/span><\/span><\/p>\n<p>&nbsp;<\/p>\n<p><span dir=\"auto\" style=\"vertical-align: inherit\"><span dir=\"auto\" style=\"vertical-align: inherit\">Eva del Rio, doctora en Neuroci\u00e8ncies, \u00e9s t\u00e8cnica de l&#8217;\u00a0 <\/span><\/span><a href=\"https:\/\/idibe.umh.es\/\"><strong><span dir=\"auto\" style=\"vertical-align: inherit\"><span dir=\"auto\" style=\"vertical-align: inherit\">IDIBE,<\/span><\/span><\/strong><\/a><span dir=\"auto\" style=\"vertical-align: inherit\"><span dir=\"auto\" style=\"vertical-align: inherit\"> \u00a0Institut de Recerca, Desenvolupament i Innovaci\u00f3 en Biotecnologia Sanit\u00e0ria de la UMH. Hi ha moltes maneres de fer ci\u00e8ncia i la seva \u00e9s una de les menys visibles. S&#8217;encarrega de la log\u00edstica i el control d&#8217;equips de l&#8217;institut i \u00e9s una part indispensable per al desenvolupament i progr\u00e9s de les investigacions que s&#8217;hi fan. Eva ens explica la seva feina:<\/span><\/span><\/p>\n<p><span dir=\"auto\" style=\"vertical-align: inherit\"><span dir=\"auto\" style=\"vertical-align: inherit\"><iframe  style=\"display: block; margin: 0px auto;\"  id=\"_ytid_27455\"  width=\"480\" height=\"270\"  data-origwidth=\"480\" data-origheight=\"270\"  data-relstop=\"1\" src=\"https:\/\/www.youtube.com\/embed\/vqGbUZCwHl4?enablejsapi=1&autoplay=0&cc_load_policy=1&iv_load_policy=1&loop=0&modestbranding=0&fs=1&playsinline=1&controls=1&color=red&cc_lang_pref=&rel=0&autohide=2&theme=dark&\" class=\"__youtube_prefs__  no-lazyload\" title=\"YouTube player\"  allow=\"accelerometer; autoplay; clipboard-write; encrypted-media; gyroscope; picture-in-picture\" allowfullscreen data-no-lazy=\"1\" data-skipgform_ajax_framebjll=\"\"><\/iframe><\/span><\/span><\/p>\n<p>&nbsp;<\/p>\n<p><span dir=\"auto\" style=\"vertical-align: inherit\"><span dir=\"auto\" style=\"vertical-align: inherit\">I finalment les companyas Sonia Andreu i Mar\u00eda Gomariz, que desenvolupen les seves funcions a l&#8217;Institut de Bioenginyeria de la Universitat Miguel Hern\u00e1ndez, ens van explicar com es duu a terme la investigaci\u00f3 precl\u00ednica a les seves investigacions sobre la visi\u00f3. Tamb\u00e9 ens ensenyen el\u00a0 <\/span><\/span><em><span dir=\"auto\" style=\"vertical-align: inherit\"><span dir=\"auto\" style=\"vertical-align: inherit\">Street Lab,\u00a0<\/span><\/span><\/em><span dir=\"auto\" style=\"vertical-align: inherit\"><span dir=\"auto\" style=\"vertical-align: inherit\"> on es duu a terme un estudi cl\u00ednic molt esperan\u00e7ador. No t&#8217;ho perdis:<\/span><\/span><\/p>\n<p><span dir=\"auto\" style=\"vertical-align: inherit\"><span dir=\"auto\" style=\"vertical-align: inherit\"><iframe  style=\"display: block; margin: 0px auto;\"  id=\"_ytid_98225\"  width=\"480\" height=\"270\"  data-origwidth=\"480\" data-origheight=\"270\"  data-relstop=\"1\" src=\"https:\/\/www.youtube.com\/embed\/XgCknlfryvI?enablejsapi=1&autoplay=0&cc_load_policy=1&iv_load_policy=1&loop=0&modestbranding=0&fs=1&playsinline=1&controls=1&color=red&cc_lang_pref=&rel=0&autohide=2&theme=dark&\" class=\"__youtube_prefs__  no-lazyload\" title=\"YouTube player\"  allow=\"accelerometer; autoplay; clipboard-write; encrypted-media; gyroscope; picture-in-picture\" allowfullscreen data-no-lazy=\"1\" data-skipgform_ajax_framebjll=\"\"><\/iframe><\/span><\/span><\/p>\n<p>&nbsp;<\/p>\n<p><span dir=\"auto\" style=\"vertical-align: inherit\"><span dir=\"auto\" style=\"vertical-align: inherit\">El Dia Internacional de la Dona i la Nena a la Ci\u00e8ncia serveix per mostrar les carreres de moltes dones cient\u00edfiques, i aix\u00ed motivar les carreres cient\u00edfiques de moltes nenes i joves que necessiten referents \u00e9s inspiraci\u00f3 que a veus no es mostren ni als llibres de ci\u00e8ncia ni als mitjans de comunicaci\u00f3.<\/span><\/span><\/p>","protected":false},"excerpt":{"rendered":"<p>Il\u00b7lustraci\u00f3 d&#8217;Ame Soler per al Dia Internacional de la Dona i la Nena a la CI\u00e8ncia 2026. Font: https:\/\/11defebrero.org\/<br \/>\nLa setmana passada vam celebrar l&#8217;\u00a0 11 de febrer , Dia Internacional de la Dona i la Nena a la Ci\u00e8ncia i des del SATDI vam voler con\u00e8ixer el treball d&#8217;algunes de les t\u00e8cniques del servei i [&#8230;]<\/p>\n","protected":false},"author":16034,"featured_media":0,"comment_status":"closed","ping_status":"closed","sticky":false,"template":"","format":"standard","meta":{"_links_to":"","_links_to_target":""},"categories":[36688,259],"tags":[1494766,259,75911,3074,68288],"_links":{"self":[{"href":"https:\/\/satdi.umh.es\/ca\/wp-json\/wp\/v2\/posts\/11176"}],"collection":[{"href":"https:\/\/satdi.umh.es\/ca\/wp-json\/wp\/v2\/posts"}],"about":[{"href":"https:\/\/satdi.umh.es\/ca\/wp-json\/wp\/v2\/types\/post"}],"author":[{"embeddable":true,"href":"https:\/\/satdi.umh.es\/ca\/wp-json\/wp\/v2\/users\/16034"}],"replies":[{"embeddable":true,"href":"https:\/\/satdi.umh.es\/ca\/wp-json\/wp\/v2\/comments?post=11176"}],"version-history":[{"count":0,"href":"https:\/\/satdi.umh.es\/ca\/wp-json\/wp\/v2\/posts\/11176\/revisions"}],"wp:attachment":[{"href":"https:\/\/satdi.umh.es\/ca\/wp-json\/wp\/v2\/media?parent=11176"}],"wp:term":[{"taxonomy":"category","embeddable":true,"href":"https:\/\/satdi.umh.es\/ca\/wp-json\/wp\/v2\/categories?post=11176"},{"taxonomy":"post_tag","embeddable":true,"href":"https:\/\/satdi.umh.es\/ca\/wp-json\/wp\/v2\/tags?post=11176"}],"curies":[{"name":"wp","href":"https:\/\/api.w.org\/{rel}","templated":true}]}}