{"id":11302,"date":"2026-03-03T20:54:23","date_gmt":"2026-03-03T19:54:23","guid":{"rendered":"https:\/\/satdi.umh.es\/?p=11302"},"modified":"2026-03-03T20:54:39","modified_gmt":"2026-03-03T19:54:39","slug":"un-siglo-de-psicologia-en-la-universidad-complutense-de-madrid","status":"publish","type":"post","link":"https:\/\/satdi.umh.es\/ca\/2026\/03\/03\/un-siglo-de-psicologia-en-la-universidad-complutense-de-madrid\/","title":{"rendered":"Un segle de psicologia la Universitat Complutense de Madrid"},"content":{"rendered":"<p><span dir=\"auto\" style=\"vertical-align: inherit\"><span dir=\"auto\" style=\"vertical-align: inherit\">El nou Museu Complutense de la Psicologia obre les portes aquesta setmana a la Facultat de Psicologia de la <\/span><\/span><strong><span dir=\"auto\" style=\"vertical-align: inherit\"><span dir=\"auto\" style=\"vertical-align: inherit\">Universitat Complutense de Madrid<\/span><\/span><\/strong><span dir=\"auto\" style=\"vertical-align: inherit\"><span dir=\"auto\" style=\"vertical-align: inherit\"> , amb un recorregut que repassa m\u00e9s d`un segle d`hist\u00f2ria cient\u00edfica a trav\u00e9s d`instruments originals, experiments emblem\u00e0tics i figures clau de la disciplina. Dirigit pel professor <\/span><\/span><strong><span dir=\"auto\" style=\"vertical-align: inherit\"><span dir=\"auto\" style=\"vertical-align: inherit\">Javier Bandres<\/span><\/span><\/strong><span dir=\"auto\" style=\"vertical-align: inherit\"><span dir=\"auto\" style=\"vertical-align: inherit\"> , l&#8217;espai reuneix des de materials del primer laboratori de psicologia experimental a Espanya fins a dispositius que van anticipar debats actuals sobre conducta, aprenentatge i persuasi\u00f3. Entre les peces m\u00e9s destacades hi ha el muntatge que recorda l&#8217;experiment del 1942 del psic\u00f2leg nord-americ\u00e0 <\/span><\/span><strong><span dir=\"auto\" style=\"vertical-align: inherit\"><span dir=\"auto\" style=\"vertical-align: inherit\">Leo Crespi<\/span><\/span><\/strong><span dir=\"auto\" style=\"vertical-align: inherit\"><span dir=\"auto\" style=\"vertical-align: inherit\"> , la investigaci\u00f3 del qual va demostrar que l&#8217;expectativa de recompensa pot influir m\u00e9s en el comportament que la recompensa mateixa.<\/span><\/span><\/p>\n<div id=\"attachment_11305\" style=\"width: 1034px\" class=\"wp-caption alignnone\"><a href=\"https:\/\/satdi.umh.es\/files\/2026\/03\/Museo-psicologia-UCM.jpg\"><img aria-describedby=\"caption-attachment-11305\" loading=\"lazy\" class=\"wp-image-11305 size-large\" src=\"https:\/\/satdi.umh.es\/files\/2026\/03\/Museo-psicologia-UCM-1024x683.jpg\" alt=\"Antiga caixa de mostres del Museu de psicologia de la UCM\" width=\"1024\" height=\"683\" srcset=\"https:\/\/satdi.umh.es\/files\/2026\/03\/Museo-psicologia-UCM-1024x683.jpg 1024w, https:\/\/satdi.umh.es\/files\/2026\/03\/Museo-psicologia-UCM-300x200.jpg 300w, https:\/\/satdi.umh.es\/files\/2026\/03\/Museo-psicologia-UCM-768x512.jpg 768w, https:\/\/satdi.umh.es\/files\/2026\/03\/Museo-psicologia-UCM-1536x1025.jpg 1536w, https:\/\/satdi.umh.es\/files\/2026\/03\/Museo-psicologia-UCM.jpg 2000w\" sizes=\"(max-width: 1024px) 100vw, 1024px\" \/><\/a><p id=\"caption-attachment-11305\" class=\"wp-caption-text\"><span dir=\"auto\" style=\"vertical-align: inherit\"><span dir=\"auto\" style=\"vertical-align: inherit\">Caixa de mostres usada pel neur\u00f2leg Luis Simarro &#8211; Foto: Inma Flores &#8211; El Pa\u00eds.<\/span><\/span><\/p><\/div>\n<p><span dir=\"auto\" style=\"vertical-align: inherit\"><span dir=\"auto\" style=\"vertical-align: inherit\">El museu, que obrir\u00e0 amb cita pr\u00e8via a la Facultat de Psicologia de la <\/span><\/span><strong><span dir=\"auto\" style=\"vertical-align: inherit\"><span dir=\"auto\" style=\"vertical-align: inherit\">Universitat Complutense de Madrid<\/span><\/span><\/strong><span dir=\"auto\" style=\"vertical-align: inherit\"><span dir=\"auto\" style=\"vertical-align: inherit\"> , ret homenatge als pioners de la disciplina a Espanya. Una sala est\u00e0 dedicada a <\/span><\/span><strong><span dir=\"auto\" style=\"vertical-align: inherit\"><span dir=\"auto\" style=\"vertical-align: inherit\">Luis Simarro<\/span><\/span><\/strong><span dir=\"auto\" style=\"vertical-align: inherit\"><span dir=\"auto\" style=\"vertical-align: inherit\"> , el laboratori del qual va ser germen d&#8217;aven\u00e7os decisius per a <\/span><\/span><strong><span dir=\"auto\" style=\"vertical-align: inherit\"><span dir=\"auto\" style=\"vertical-align: inherit\">Santiago Ramon i Cajal<\/span><\/span><\/strong><span dir=\"auto\" style=\"vertical-align: inherit\"><span dir=\"auto\" style=\"vertical-align: inherit\"> . Una altra recorda <\/span><\/span><strong><span dir=\"auto\" style=\"vertical-align: inherit\"><span dir=\"auto\" style=\"vertical-align: inherit\">Mercedes Rodrigo<\/span><\/span><\/strong><span dir=\"auto\" style=\"vertical-align: inherit\"><span dir=\"auto\" style=\"vertical-align: inherit\"> , primera persona titulada en Psicologia a Espanya, impulsora de la psicot\u00e8cnia i defensora de la detecci\u00f3 del talent infantil. El recorregut no eludeix episodis foscos, com la deriva repressiva de certs plantejaments de la psicologia criminal a la postguerra.<\/span><\/span><\/p>\n<p><span dir=\"auto\" style=\"vertical-align: inherit\"><span dir=\"auto\" style=\"vertical-align: inherit\">L&#8217;exposici\u00f3 culmina amb instruments que van marcar l&#8217;evoluci\u00f3 cient\u00edfica de la disciplina, com la c\u00e8lebre caixa de <\/span><\/span><strong><span dir=\"auto\" style=\"vertical-align: inherit\"><span dir=\"auto\" style=\"vertical-align: inherit\">BF Skinner<\/span><\/span><\/strong><span dir=\"auto\" style=\"vertical-align: inherit\"><span dir=\"auto\" style=\"vertical-align: inherit\"> , paradigma del condicionament operant, els principis del qual \u2014adverteix Bandr\u00e9s\u2014 bateguen avui en la l\u00f2gica addictiva dels tel\u00e8fons m\u00f2bils. Tamb\u00e9 hi figura el taquistoscopi i refer\u00e8ncies a la llei de Weber-Fechner, que va inaugurar la psicologia quantitativa. Despr\u00e9s de repassar d\u00e8cades d&#8217;experiments i teories, el director reivindica l&#8217;ess\u00e8ncia acad\u00e8mica de la disciplina amb una conclusi\u00f3 s\u00f2bria: m\u00e9s enll\u00e0 d&#8217;aparells hist\u00f2rics, l&#8217;instrument fonamental \u00e9s \u201cuna persona que sap i una pissarra\u201d.<\/span><\/span><\/p>\n<p><span dir=\"auto\" style=\"vertical-align: inherit\"><span dir=\"auto\" style=\"vertical-align: inherit\">Font: <\/span><\/span><a href=\"https:\/\/elpais.com\/ciencia\/2026-02-26\/abre-el-museo-de-la-psicologia-con-un-cajon-y-una-rata-se-han-observado-fenomenos-trascendentales-del-comportamiento-humano.html\"><span dir=\"auto\" style=\"vertical-align: inherit\"><span dir=\"auto\" style=\"vertical-align: inherit\">elpais.com<\/span><\/span><\/a><\/p>","protected":false},"excerpt":{"rendered":"<p>El nou Museu Complutense de la Psicologia obre les portes aquesta setmana a la Facultat de Psicologia de la Universitat Complutense de Madrid , amb un recorregut que repassa m\u00e9s d`un segle d`hist\u00f2ria cient\u00edfica a trav\u00e9s d`instruments originals, experiments emblem\u00e0tics i figures clau de la disciplina. Dirigit pel professor Javier Bandres , l&#8217;espai reuneix des [&#8230;]<\/p>\n","protected":false},"author":28433,"featured_media":0,"comment_status":"closed","ping_status":"closed","sticky":false,"template":"","format":"standard","meta":{"_links_to":"","_links_to_target":""},"categories":[259,53316],"tags":[3260,53316,1766],"_links":{"self":[{"href":"https:\/\/satdi.umh.es\/ca\/wp-json\/wp\/v2\/posts\/11302"}],"collection":[{"href":"https:\/\/satdi.umh.es\/ca\/wp-json\/wp\/v2\/posts"}],"about":[{"href":"https:\/\/satdi.umh.es\/ca\/wp-json\/wp\/v2\/types\/post"}],"author":[{"embeddable":true,"href":"https:\/\/satdi.umh.es\/ca\/wp-json\/wp\/v2\/users\/28433"}],"replies":[{"embeddable":true,"href":"https:\/\/satdi.umh.es\/ca\/wp-json\/wp\/v2\/comments?post=11302"}],"version-history":[{"count":0,"href":"https:\/\/satdi.umh.es\/ca\/wp-json\/wp\/v2\/posts\/11302\/revisions"}],"wp:attachment":[{"href":"https:\/\/satdi.umh.es\/ca\/wp-json\/wp\/v2\/media?parent=11302"}],"wp:term":[{"taxonomy":"category","embeddable":true,"href":"https:\/\/satdi.umh.es\/ca\/wp-json\/wp\/v2\/categories?post=11302"},{"taxonomy":"post_tag","embeddable":true,"href":"https:\/\/satdi.umh.es\/ca\/wp-json\/wp\/v2\/tags?post=11302"}],"curies":[{"name":"wp","href":"https:\/\/api.w.org\/{rel}","templated":true}]}}