{"id":11524,"date":"2026-04-02T12:52:12","date_gmt":"2026-04-02T10:52:12","guid":{"rendered":"https:\/\/satdi.umh.es\/?p=11524"},"modified":"2026-04-02T12:56:46","modified_gmt":"2026-04-02T10:56:46","slug":"artemis-ii-una-nueva-era-lunar-despega","status":"publish","type":"post","link":"https:\/\/satdi.umh.es\/ca\/2026\/04\/02\/artemis-ii-una-nueva-era-lunar-despega\/","title":{"rendered":"Artemis II, una nova era lunar s&#8217;enlaira"},"content":{"rendered":"<p><\/p>\n<p style=\"text-align: center\" data-start=\"94\" data-end=\"556\"><a href=\"https:\/\/satdi.umh.es\/files\/2026\/04\/Artemis-II_nueva-era-lunar.png\"><img loading=\"lazy\" class=\"wp-image-11527 aligncenter\" src=\"https:\/\/satdi.umh.es\/files\/2026\/04\/Artemis-II_nueva-era-lunar-1024x683.png\" alt=\"\" width=\"800\" height=\"533\" srcset=\"https:\/\/satdi.umh.es\/files\/2026\/04\/Artemis-II_nueva-era-lunar-1024x683.png 1024w, https:\/\/satdi.umh.es\/files\/2026\/04\/Artemis-II_nueva-era-lunar-300x200.png 300w, https:\/\/satdi.umh.es\/files\/2026\/04\/Artemis-II_nueva-era-lunar-768x512.png 768w, https:\/\/satdi.umh.es\/files\/2026\/04\/Artemis-II_nueva-era-lunar.png 1536w\" sizes=\"(max-width: 800px) 100vw, 800px\" \/><\/a><\/p>\n<p style=\"text-align: justify\" data-start=\"94\" data-end=\"556\"><a href=\"https:\/\/ciencia.nasa.gov\/sistema-solar\/artemis-ii-resumen-de-la-mision\/\"><strong>La missi\u00f3<\/strong> <strong>Artemis II de la NASA<\/strong><\/a> ha marcat un fet hist\u00f2ric despr\u00e9s del seu <strong>llan\u00e7ament l\u20191 d\u2019abril de 2026<\/strong>, convertint-se en el <strong>primer vol tripulat cap a la Lluna en m\u00e9s de 50 anys des del programa Apol\u00b7lo.<\/strong> La nau Orion, impulsada pel <strong>coet SLS<\/strong>, va enlairar-se des del <a href=\"https:\/\/www.kennedyspacecenter.com\/es\"><strong>Centre Espacial Kennedy<\/strong><\/a> amb quatre astronautes a bord i va assolir l\u2019\u00f2rbita terrestre en q\u00fcesti\u00f3 de minuts, iniciant una travessia d\u2019aproximadament deu dies al voltant de la Lluna sense allunatge.<\/p>\n<p style=\"text-align: justify\" data-start=\"558\" data-end=\"1062\">La tripulaci\u00f3 est\u00e0 formada per <strong>Reid Wiseman, Victor Glover, Christina Koch i Jeremy Hansen<\/strong>, en una missi\u00f3 que tamb\u00e9 destaca per la seua diversitat: inclou la primera dona, la primera persona afroamericana i el primer astronauta no estatunidenc que viatja cap a l\u2019entorn lunar. Este vol no sols t\u00e9 un valor simb\u00f2lic, sin\u00f3 que <strong>servir\u00e0 per a provar sistemes clau com el suport vital, la navegaci\u00f3 i les comunicacions<\/strong>, fonamentals per a futures missions que s\u00ed que contemplen el retorn a la superf\u00edcie lunar.<\/p>\n<p style=\"text-align: justify\" data-start=\"1064\" data-end=\"1539\">A m\u00e9s, <strong>la missi\u00f3 Artemis II ser\u00e0 la primera a posar a prova l\u2019escut t\u00e8rmic de la nau Orion amb astronautes a bord<\/strong> durant la reentrada a l\u2019atmosfera terrestre a <strong>velocitats superiors als 39.000 km\/h<\/strong>, una fase cr\u00edtica per garantir la seguretat en futures missions. Tamb\u00e9 avaluar\u00e0 el rendiment del sistema de propulsi\u00f3 i la interacci\u00f3 entre la nau i la futura estaci\u00f3 lunar Gateway, consolidant aix\u00ed l\u2019arquitectura que permetr\u00e0 missions m\u00e9s complexes a l\u2019espai profund.<\/p>\n<p style=\"text-align: justify\" data-start=\"1541\" data-end=\"2026\">Artemis II representa un pas crucial dins del programa Artemis, <strong>l\u2019objectiu<\/strong> del qual <strong>\u00e9s establir una pres\u00e8ncia humana sostenible a la Lluna i preparar futures missions a Mart.<\/strong> La missi\u00f3 pret\u00e9n batre r\u00e8cords de dist\u00e0ncia recorreguda per humans en l\u2019espai i arreplegar dades essencials, com imatges del pol sud lunar, que seran clau per a planificar bases futures. Amb este vol, la NASA assenta les bases per a pr\u00f2ximes missions com <strong>Artemis III i IV,<\/strong> previstes per a<strong> finals d\u2019esta d\u00e8cada.<\/strong><\/p>\n<p><\/p>","protected":false},"excerpt":{"rendered":"<p>La missi\u00f3 Artemis II de la NASA ha marcat un fet hist\u00f2ric despr\u00e9s del seu llan\u00e7ament l\u20191 d\u2019abril de 2026, convertint-se en el primer vol tripulat cap a la Lluna en m\u00e9s de 50 anys des del programa Apol\u00b7lo. La nau Orion, impulsada pel coet SLS, va enlairar-se des del Centre Espacial Kennedy amb quatre [&#8230;]<\/p>\n","protected":false},"author":3770,"featured_media":0,"comment_status":"closed","ping_status":"closed","sticky":false,"template":"","format":"standard","meta":{"_links_to":"","_links_to_target":""},"categories":[370,53433,635],"tags":[1530509,1530511,54990,14759,1530514,80555],"_links":{"self":[{"href":"https:\/\/satdi.umh.es\/ca\/wp-json\/wp\/v2\/posts\/11524"}],"collection":[{"href":"https:\/\/satdi.umh.es\/ca\/wp-json\/wp\/v2\/posts"}],"about":[{"href":"https:\/\/satdi.umh.es\/ca\/wp-json\/wp\/v2\/types\/post"}],"author":[{"embeddable":true,"href":"https:\/\/satdi.umh.es\/ca\/wp-json\/wp\/v2\/users\/3770"}],"replies":[{"embeddable":true,"href":"https:\/\/satdi.umh.es\/ca\/wp-json\/wp\/v2\/comments?post=11524"}],"version-history":[{"count":0,"href":"https:\/\/satdi.umh.es\/ca\/wp-json\/wp\/v2\/posts\/11524\/revisions"}],"wp:attachment":[{"href":"https:\/\/satdi.umh.es\/ca\/wp-json\/wp\/v2\/media?parent=11524"}],"wp:term":[{"taxonomy":"category","embeddable":true,"href":"https:\/\/satdi.umh.es\/ca\/wp-json\/wp\/v2\/categories?post=11524"},{"taxonomy":"post_tag","embeddable":true,"href":"https:\/\/satdi.umh.es\/ca\/wp-json\/wp\/v2\/tags?post=11524"}],"curies":[{"name":"wp","href":"https:\/\/api.w.org\/{rel}","templated":true}]}}