{"id":3708,"date":"2021-06-21T10:12:55","date_gmt":"2021-06-21T08:12:55","guid":{"rendered":"https:\/\/satdi.umh.es\/?p=3708"},"modified":"2021-06-21T10:12:55","modified_gmt":"2021-06-21T08:12:55","slug":"el-problema-de-la-desertificacion-en-espana","status":"publish","type":"post","link":"https:\/\/satdi.umh.es\/ca\/2021\/06\/21\/el-problema-de-la-desertificacion-en-espana\/","title":{"rendered":"<span lang=\"es\">(Espa\u00f1ol) El problema de la desertificaci\u00f3n en Espa\u00f1a<\/span>"},"content":{"rendered":"<p>El pasado 17de junio se celebr\u00f3 el D\u00eda Mundial contra la Desertificaci\u00f3n y la Sequ\u00eda. Esta fecha fue elegida por la ONU para concienciar  del grave problema que supone la degradaci\u00f3n de las tierras y dar a conocer las iniciativas para revertir la situaci\u00f3n. Las zonas en peligro de sufrir desertificaci\u00f3n son las \u00e1reas \u00e1ridas, semi\u00e1ridas y subh\u00famedas. En estas zonas la son aquellas en las que la relaci\u00f3n entre la precipitaci\u00f3n anual y la evapotranspiraci\u00f3n potencial se encuentra entre el 0,05 y el 0,65. <\/p>\n<p>Nuestro pa\u00eds no es ajeno a este problema y grandes zonas del territorio se encuentran bajo una amenaza grave de desertificaci\u00f3n. Espa\u00f1a tiene dos terceras partes del territorio pertenecientes a la categor\u00eda de \u00e1reas \u00e1ridas, semi\u00e1ridas y subh\u00famedas. Entre el 75% y el 80% del territorio est\u00e1 en riesgo de convertirse en desierto a lo largo de este siglo.  En particular la regi\u00f3n mediterr\u00e1nea es una de las zonas m\u00e1s sensibles a este proceso de desertificaci\u00f3n. Las causas son m\u00faltiples, desde la extrema variabilidad entre fases de lluvia extrema y sequ\u00eda, el relieve desigual y la p\u00e9rdida de masa forestal, hasta la concentraci\u00f3n de actividad econ\u00f3mica en las zonas costeras y la explotaci\u00f3n insostenible de recursos h\u00eddricos subterr\u00e1neos. <\/p>\n<p>Adem\u00e1s de los problemas mencionados anteriormente debemos se\u00f1alar la pertinaz sequ\u00eda que sufren las cuencas hidrogr\u00e1ficas de nuestro pa\u00eds. Un fen\u00f3meno, la sequ\u00eda, que se agravar\u00e1 en un futuro cercano debido al cambio clim\u00e1tico.  Para evitar este escenario es necesario que se cumplan una serie de objetivos como la reducci\u00f3n en un 55% de emisiones de CO2  en el a\u00f1o 2030 respecto a 1990 y llegar al cero en 2040, acabar con la sobreexplotaci\u00f3n y contaminaci\u00f3n de los recursos h\u00eddricos, desarrollo de una pol\u00edtica forestal en consonancia con las necesidades del pa\u00eds, un cambio del modelo de explotaci\u00f3n agr\u00edcola y frenar la expansi\u00f3n dela ganader\u00eda industrial.<\/p>\n<p>Fuentes: MITECO, Greenpeace<br \/>\n<\/p>","protected":false},"excerpt":{"rendered":"<p>El pasado 17de junio se celebr\u00f3 el D\u00eda Mundial contra la Desertificaci\u00f3n y la Sequ\u00eda. Esta fecha fue elegida por la ONU para concienciar  del grave problema que supone la degradaci\u00f3n de las tierras y dar a conocer las iniciativas para revertir la situaci\u00f3n. Las zonas en peligro de sufrir desertificaci\u00f3n son las \u00e1reas [&#8230;]<\/p>\n","protected":false},"author":985,"featured_media":0,"comment_status":"closed","ping_status":"closed","sticky":false,"template":"","format":"standard","meta":{"_links_to":"","_links_to_target":""},"categories":[3164,507],"tags":[736908,287147],"_links":{"self":[{"href":"https:\/\/satdi.umh.es\/ca\/wp-json\/wp\/v2\/posts\/3708"}],"collection":[{"href":"https:\/\/satdi.umh.es\/ca\/wp-json\/wp\/v2\/posts"}],"about":[{"href":"https:\/\/satdi.umh.es\/ca\/wp-json\/wp\/v2\/types\/post"}],"author":[{"embeddable":true,"href":"https:\/\/satdi.umh.es\/ca\/wp-json\/wp\/v2\/users\/985"}],"replies":[{"embeddable":true,"href":"https:\/\/satdi.umh.es\/ca\/wp-json\/wp\/v2\/comments?post=3708"}],"version-history":[{"count":0,"href":"https:\/\/satdi.umh.es\/ca\/wp-json\/wp\/v2\/posts\/3708\/revisions"}],"wp:attachment":[{"href":"https:\/\/satdi.umh.es\/ca\/wp-json\/wp\/v2\/media?parent=3708"}],"wp:term":[{"taxonomy":"category","embeddable":true,"href":"https:\/\/satdi.umh.es\/ca\/wp-json\/wp\/v2\/categories?post=3708"},{"taxonomy":"post_tag","embeddable":true,"href":"https:\/\/satdi.umh.es\/ca\/wp-json\/wp\/v2\/tags?post=3708"}],"curies":[{"name":"wp","href":"https:\/\/api.w.org\/{rel}","templated":true}]}}