{"id":7700,"date":"2024-06-17T10:00:05","date_gmt":"2024-06-17T08:00:05","guid":{"rendered":"https:\/\/satdi.umh.es\/?p=7700"},"modified":"2024-06-14T08:56:07","modified_gmt":"2024-06-14T06:56:07","slug":"un-estudio-revela-que-la-corriente-circular-del-atlantico-podria-dejar-una-europa-inhabitable-en-la-decada-de-2030","status":"publish","type":"post","link":"https:\/\/satdi.umh.es\/ca\/2024\/06\/17\/un-estudio-revela-que-la-corriente-circular-del-atlantico-podria-dejar-una-europa-inhabitable-en-la-decada-de-2030\/","title":{"rendered":"Un estudi revela que el Corrent Circular de l&#8217;Atl\u00e0ntic podria deixar una Europa inhabitable a la d\u00e8cada de 2030"},"content":{"rendered":"<p>Un nou estudi publicat a <a href=\"https:\/\/www.science.org\/doi\/10.1126\/sciadv.adk1189\"><strong>Science Advances<\/strong><\/a> adverteix sobre la possibilitat que el<strong> Corrent Meridional de Retorn de l&#8217;Atl\u00e0ntic (AMOC)<\/strong> col\u00b7lapsi a la d\u00e8cada de 2030, amb potencials efectes devastadors per a Europa. La investigaci\u00f3, realitzada per experts en clima i oceans, suggereix que el col\u00b7lapse d&#8217;aquest corrent podria portar a canvis clim\u00e0tics extrems, fent que parts d&#8217;Europa siguin dif\u00edcils d&#8217;habitar-hi.<\/p>\n<p>Els investigadors van fer servir<strong> models clim\u00e0tics avan\u00e7ats<\/strong> per analitzar l&#8217;impacte de l&#8217;escalfament global i l&#8217;accelerada p\u00e8rdua de gel a Groenl\u00e0ndia a l&#8217;estabilitat d&#8217;AMOC. Els seus descobriments indiquen que, si les tend\u00e8ncies actuals continuen, la circulaci\u00f3 oce\u00e0nica es podria aturar, cosa que resultaria en hiverns m\u00e9s severs, estius extremadament calorosos i una major freq\u00fc\u00e8ncia d&#8217;esdeveniments clim\u00e0tics extrems a Europa.<\/p>\n<p>En aquest sentit, <strong>Antonio Turiel<\/strong>, investigador cient\u00edfic a l&#8217;Institut de Ci\u00e8ncies del Mar del <strong>CSIC<\/strong>, adverteix que &#8220;sense l&#8217;efecte ben\u00e8fic d&#8217;aquest corrent oce\u00e0nic, que aporta calor i humitat a Europa, <strong>el continent tendiria al clima que li correspondria per la latitud a la qual es troba, similar a la del Canad\u00e0 o la del sud de Sib\u00e8ria\u201d.<\/strong><\/p>\n<p>&nbsp;<\/p>\n<div id=\"attachment_7703\" style=\"width: 810px\" class=\"wp-caption aligncenter\"><a href=\"https:\/\/satdi.umh.es\/files\/2024\/06\/Europa_cubierta_de_nieve.jpg\"><img aria-describedby=\"caption-attachment-7703\" loading=\"lazy\" class=\"wp-image-7703\" src=\"https:\/\/satdi.umh.es\/files\/2024\/06\/Europa_cubierta_de_nieve-1024x575.jpg\" alt=\"Mapa d'Europa \" width=\"800\" height=\"449\" srcset=\"https:\/\/satdi.umh.es\/files\/2024\/06\/Europa_cubierta_de_nieve-1024x575.jpg 1024w, https:\/\/satdi.umh.es\/files\/2024\/06\/Europa_cubierta_de_nieve-300x168.jpg 300w, https:\/\/satdi.umh.es\/files\/2024\/06\/Europa_cubierta_de_nieve-768x431.jpg 768w, https:\/\/satdi.umh.es\/files\/2024\/06\/Europa_cubierta_de_nieve.jpg 1368w\" sizes=\"(max-width: 800px) 100vw, 800px\" \/><\/a><p id=\"caption-attachment-7703\" class=\"wp-caption-text\">Imatge generada per IA d&#8217;un possible mapa d&#8217;Europa a la d\u00e8cada de 2030 amb gaireb\u00e9 tot el continent enterrat sota la neu<\/p><\/div>\n<p>&nbsp;<\/p>\n<p>Per altra banda, <strong>investigadors de la Universitat de Copenhaguen<\/strong> van publicar a <a href=\"https:\/\/www.nature.com\/articles\/s41467-023-39810-w\"><strong>Nature Communications<\/strong><\/a> un estudi sobre estimacions del futur de l&#8217;AMOC, assenyalant que <strong>&#8220;col\u00b7lapsar\u00e0, amb un 95% de certesa, entre 2025 i 2095. El m\u00e9s probable \u00e9s que aix\u00f2 passi en 34 anys, el 2057&#8221;<\/strong>, cosa que podria generar grans desafiaments molt abans del que s&#8217;esperava, particularment l&#8217;escalfament als tr\u00f2pics i l&#8217;augment de les tempestes a la regi\u00f3 de l&#8217;Atl\u00e0ntic Nord.<\/p>\n<p>Aquestes troballes posen de manifest una vegada m\u00e9s la <strong>urg\u00e8ncia d&#8217;implementar mesures globals<\/strong> per reduir les emissions de gasos amb efecte d&#8217;hivernacle i limitar l&#8217;escalfament global. Aix\u00ed mateix, els cient\u00edfics insten els governs a prendre accions decisives per protegir l&#8217;equilibri dels sistemes clim\u00e0tics i evitar un futur catastr\u00f2fic per als habitants del vell continent.<\/p>\n<p>&nbsp;<\/p>","protected":false},"excerpt":{"rendered":"<p>Un nou estudi publicat a Science Advances adverteix sobre la possibilitat que el Corrent Meridional de Retorn de l&#8217;Atl\u00e0ntic (AMOC) col\u00b7lapsi a la d\u00e8cada de 2030, amb potencials efectes devastadors per a Europa. La investigaci\u00f3, realitzada per experts en clima i oceans, suggereix que el col\u00b7lapse d&#8217;aquest corrent podria portar a canvis clim\u00e0tics extrems, fent [&#8230;]<\/p>\n","protected":false},"author":3770,"featured_media":0,"comment_status":"closed","ping_status":"closed","sticky":false,"template":"","format":"standard","meta":{"_links_to":"","_links_to_target":""},"categories":[3164,259,575],"tags":[914099,4028,556,914102,914108,914111],"_links":{"self":[{"href":"https:\/\/satdi.umh.es\/ca\/wp-json\/wp\/v2\/posts\/7700"}],"collection":[{"href":"https:\/\/satdi.umh.es\/ca\/wp-json\/wp\/v2\/posts"}],"about":[{"href":"https:\/\/satdi.umh.es\/ca\/wp-json\/wp\/v2\/types\/post"}],"author":[{"embeddable":true,"href":"https:\/\/satdi.umh.es\/ca\/wp-json\/wp\/v2\/users\/3770"}],"replies":[{"embeddable":true,"href":"https:\/\/satdi.umh.es\/ca\/wp-json\/wp\/v2\/comments?post=7700"}],"version-history":[{"count":0,"href":"https:\/\/satdi.umh.es\/ca\/wp-json\/wp\/v2\/posts\/7700\/revisions"}],"wp:attachment":[{"href":"https:\/\/satdi.umh.es\/ca\/wp-json\/wp\/v2\/media?parent=7700"}],"wp:term":[{"taxonomy":"category","embeddable":true,"href":"https:\/\/satdi.umh.es\/ca\/wp-json\/wp\/v2\/categories?post=7700"},{"taxonomy":"post_tag","embeddable":true,"href":"https:\/\/satdi.umh.es\/ca\/wp-json\/wp\/v2\/tags?post=7700"}],"curies":[{"name":"wp","href":"https:\/\/api.w.org\/{rel}","templated":true}]}}